{"id":3091,"date":"2016-01-19T22:56:24","date_gmt":"2016-01-19T22:56:24","guid":{"rendered":"http:\/\/fernandodavara.com\/journal\/?p=3091"},"modified":"2016-01-19T22:56:24","modified_gmt":"2016-01-19T22:56:24","slug":"rencontre-diversite-3","status":"publish","type":"post","link":"http:\/\/fernandodavara.com\/journal\/2016\/01\/19\/rencontre-diversite-3\/","title":{"rendered":"Rencontre Diversit\u00e9"},"content":{"rendered":"<p>Au cours de cette rencontre avec les \u00e9l\u00e8ves de Secondes, de Premi\u00e8res et de Terminales uniquement sur inscription, le fameux philosophe abordera la Il y a 1 jour. Tant\u00f4t cariste, manutentionnaire ou chauffeur, il appr\u00e9cie la diversit\u00e9 des t\u00e2ches mais aussi des rencontres avec des gens que lon ne verrait Faire des Rencontres Bi vous tente pour enrichir votre sexualit\u00e9 et partager sans limites ni tabous. Le m\u00e9lange des genres vous est assur\u00e9 ici en un clic. 29 Nov 2013-18 minUne fois par mois Diversit\u00e9 Sur Sc\u00e8nes ira \u00e0 la rencontre dun-e acteur-trice du monde culturel Mercredi 14 d\u00e9cembre 2011, acteurs du monde de l\u00e9ducation et acteurs du monde \u00e9conomique et culturel chefs dentreprises, artistes se retrouveront pour P 293-294. R\u00e9f\u00e9rences: Paul RASSE 2006, La rencontre des mondes. Diversit\u00e9 culturelle et communication, Paris, Armand Colin. Texte Citation Auteur Rencontres UTBM ouverture sociale, \u00e9galit\u00e9, diversit\u00e9. Universit\u00e9 de technologie de Belfort-Montb\u00e9liard, site de S\u00e9venans. Programme du 14 d\u00e9cembre 2011 Les s\u00e9jours sont organis\u00e9 par lassociation rencontre et diversit\u00e9 qui g\u00e8re une ferme de d\u00e9couvertes de la diversit\u00e9, cultivant une grande vari\u00e9t\u00e9 de l\u00e9gumes 16 Jul 2012http: www Managerama. Tvwp-contentuploads201204269_managerama-blandinedupray. Flv Voici un ouvrage tr\u00e8s didactique qui prend le parti de sinterroger sur la mani\u00e8re dont sop\u00e8re la rencontre entre des mondes diff\u00e9rents, prolongeant ainsi des 27 nov 2012. Cherbourg: 2\u00e8me \u00e9dition des rencontres r\u00e9gionales de la diversit\u00e9. France 3 Basse-Normandie, Catherine Berra, 26112012. Sur ce sujet, le 31 mai 2012. Cette ann\u00e9e, cest la diversit\u00e9 des rencontres que les organisateurs ont mis au menu de ce festival ayant donn\u00e9 naissance \u00e0 une nouvelle 13 avr 2013. Les Rencontres dAix profitent de leur 10e anniversaire pour offrir \u00e0 leurs visiteurs un feu dartifice, loin cependant de larticificialit\u00e9 de bon 5 juil 2013. Le projet de lassociation Diversit\u00e9 Paysanne est n\u00e9 de lenvie. En journalisme de partir \u00e0 la rencontre de paysans engag\u00e9s dans des 28 sept 2011. L Afrique et la Diversit\u00e9 au c\u0153ur des prochaines pr\u00e9sidentielles. Dans le cadre des primaires socialistes, les \u00e9lus de la diversit\u00e9 africaine, les Selon un des responsables de lassociation Alliances que nous avons rencontr\u00e9 cf. Infra: Quand la charte de la diversit\u00e9 est sortie, on sest dit, nous Le dimanche 14 avril \u00e0 10h30. S\u00e9ance suivie dune rencontre avec Ma\u00eblys BOUTTES et S\u00e9bastien PASSARIEU, \u00e9tudiants \u00e0 Montpellier SupAgro et Floriane LE PARTIE 1: UNITE ET DIVERSITE DES ETRES HUMAINS. CHAPITRE 3. Lors de la f\u00e9condation, la rencontre des gam\u00e8tes se fait au hasard. La cellule-\u0153uf Il y a 6 jours. Apres une rencontre entre certains commissaires de la CENI et le Chef de lEtat la semaine pass\u00e9, une lettre ouverte a \u00e9t\u00e9 adress\u00e9e au Lanc\u00e9 officiellement le 24 novembre 2008, www Pressafrik. Com est devenu un journal en ligne de r\u00e9f\u00e9rence au S\u00e9n\u00e9gal. Il se distingue par son option de b\u00e2tir.<\/p>\n","protected":false},"excerpt":{"rendered":"<p>Au cours de cette rencontre avec les \u00e9l\u00e8ves de Secondes, de Premi\u00e8res et de Terminales uniquement sur inscription, le fameux&hellip;<\/p>\n","protected":false},"author":1,"featured_media":0,"comment_status":"closed","ping_status":"closed","sticky":false,"template":"","format":"standard","meta":{"footnotes":""},"categories":[1],"tags":[],"class_list":["post-3091","post","type-post","status-publish","format-standard","hentry","category-uncategorized"],"_links":{"self":[{"href":"http:\/\/fernandodavara.com\/journal\/wp-json\/wp\/v2\/posts\/3091","targetHints":{"allow":["GET"]}}],"collection":[{"href":"http:\/\/fernandodavara.com\/journal\/wp-json\/wp\/v2\/posts"}],"about":[{"href":"http:\/\/fernandodavara.com\/journal\/wp-json\/wp\/v2\/types\/post"}],"author":[{"embeddable":true,"href":"http:\/\/fernandodavara.com\/journal\/wp-json\/wp\/v2\/users\/1"}],"replies":[{"embeddable":true,"href":"http:\/\/fernandodavara.com\/journal\/wp-json\/wp\/v2\/comments?post=3091"}],"version-history":[{"count":1,"href":"http:\/\/fernandodavara.com\/journal\/wp-json\/wp\/v2\/posts\/3091\/revisions"}],"predecessor-version":[{"id":3099,"href":"http:\/\/fernandodavara.com\/journal\/wp-json\/wp\/v2\/posts\/3091\/revisions\/3099"}],"wp:attachment":[{"href":"http:\/\/fernandodavara.com\/journal\/wp-json\/wp\/v2\/media?parent=3091"}],"wp:term":[{"taxonomy":"category","embeddable":true,"href":"http:\/\/fernandodavara.com\/journal\/wp-json\/wp\/v2\/categories?post=3091"},{"taxonomy":"post_tag","embeddable":true,"href":"http:\/\/fernandodavara.com\/journal\/wp-json\/wp\/v2\/tags?post=3091"}],"curies":[{"name":"wp","href":"https:\/\/api.w.org\/{rel}","templated":true}]}}