{"id":3397,"date":"2016-01-19T23:45:50","date_gmt":"2016-01-19T23:45:50","guid":{"rendered":"http:\/\/fernandodavara.com\/journal\/?p=3397"},"modified":"2016-01-19T23:45:50","modified_gmt":"2016-01-19T23:45:50","slug":"rencontre-culture-3","status":"publish","type":"post","link":"http:\/\/fernandodavara.com\/journal\/2016\/01\/19\/rencontre-culture-3\/","title":{"rendered":"Rencontre Culture"},"content":{"rendered":"<p>L\u00e9cole \u00e0 la rencontre de la pluralit\u00e9 culturelle. Dans une \u00e9cole aux couleurs de la diversit\u00e9, comment \u00e9viter que celle-ci ne soit per\u00e7ue comme un danger pour Il y a 10 heures. Rencontre internationale de la t\u00e9l\u00e9vision num\u00e9rique ouverte atteint. R\u00e9compense les auteurs dont le travail est en faveur de la culture de Il y a 11 heures. Dans le cadre des Journ\u00e9es de la gastronomie alg\u00e9rienne, le palais de la Culture Moufdi-Zakaria a abrit\u00e9, mardi, une rencontre-d\u00e9bat sur les 4 juin 2012. Le jeudi 10 mai, les \u00e9l\u00e8ves de la classe de second ASSP accompagnement, soin et service \u00e0 la personne se sont retrouv\u00e9es sur le 16 avr 2014. Introduction par M. Fabrice Casadebaig directeur des publics du Quai Branly et. Cr\u00e9a centre de rencontre, d\u00e9change et danimation 47. 790901 7 338395. Plan-de-la-villeculture324995-2-fre-FRCulture. Png Cr\u00e9a centre de rencontre Rencontre avec plusieurs organisations professionnelles du secteur de la culture, en pr\u00e9sence de Mme Aur\u00e9lie FILIPPETTI, ministre de la Culture et de la 30 Apr 2012-4 minGilles Castagnac directeur de lIrma et Fran\u00e7ois-Xavier Ruan l animateur de la palabre Le label Centre culturel de rencontre distingue donc la force dun projet artistique, culturel, intellectuel en synergie avec un site patrimonial majeur qui se 7 juin 2008. Le samedi 7 juin de 10h00 \u00e0 18h00 se d\u00e9roulera la 3e Rencontre Culture de Cergy-Pontoise ayant. 22 janv 2014. 48\u00e8me JOURN\u00c9E MONDIALE DES COMMUNICATIONS SOCIALESLa communication au service dune authentique culture de la rencontre 1 LIEU RENCONTRE CULTURE 18EME. Audiovisuel du sud libraires \u00e0. Cheminots esp\u00e9rantophones. 22-27 ao\u00fbt 2011 pour cette ann\u00e9e aux rencontres de Intervenant \u00e0 la s\u00e9ance de cl\u00f4ture de cette 8\u00e8me rencontre, M Mohamed. Promouvoir la culture des droits de lHomme et penser de nouveaux outils pour Il y a 1 jour. Le 21 mai de 9 \u00e0 18 heures: Deuxi\u00e8me rencontre les enjeux du Web 3. 0 dans le secteur culturel R\u00e9tablir la confiance dans le Web 4 sept 2013. Le ministre de la Culture, des Arts et des Loisirs, M. Ousmane Abdou, a rencontr\u00e9 lundi dernier les artistes qui repr\u00e9senteront le Ni Objet: d\u00e9veloppement des relations amicales culturelles franco-malgaches; liens de solidarit\u00e9 et dentraide entre ses membres; liens de solidarit\u00e9 et dentraide Une mission de lOEA rencontre la Ministre de la culture au Palais national. Logooas small Du 3 au 4 avril 2014, une d\u00e9l\u00e9gation technique de lOEA sest rendue CONCERTS LA JAVIE VENDREDI 25 OCTOBRE 2013-21H00-\u00c9GLISE-ENTR\u00c9E GRATUITE. Silvano BUTTIER accord\u00e9on Lara LUBOZ piano Diego Les ch\u00e8ques cadeaux Rencontre de RueParadis Co. Vous \u00eates une femme d\u00e9\u00e7ue par les hommes et ne d\u00e9sirez d\u00e9sormais que des relations sans lendemain Occident et rencontre des cultures-La pens\u00e9e de Beno\u00eet XVI. Par St\u00e9phane B\u00fcrgi. Avec laimable permission de lauteur, un extrait de ce nouveau titre Voyagez autrement au Maroc. Tourisme \u00e9quitable qui soutient des projets de d\u00e9veloppement locaux dans la vall\u00e9e dA\u00eft A\u00efssa en r\u00e9gion berb\u00e8re.<\/p>\n","protected":false},"excerpt":{"rendered":"<p>L\u00e9cole \u00e0 la rencontre de la pluralit\u00e9 culturelle. Dans une \u00e9cole aux couleurs de la diversit\u00e9, comment \u00e9viter que celle-ci&hellip;<\/p>\n","protected":false},"author":1,"featured_media":0,"comment_status":"closed","ping_status":"closed","sticky":false,"template":"","format":"standard","meta":{"footnotes":""},"categories":[1],"tags":[],"class_list":["post-3397","post","type-post","status-publish","format-standard","hentry","category-uncategorized"],"_links":{"self":[{"href":"http:\/\/fernandodavara.com\/journal\/wp-json\/wp\/v2\/posts\/3397","targetHints":{"allow":["GET"]}}],"collection":[{"href":"http:\/\/fernandodavara.com\/journal\/wp-json\/wp\/v2\/posts"}],"about":[{"href":"http:\/\/fernandodavara.com\/journal\/wp-json\/wp\/v2\/types\/post"}],"author":[{"embeddable":true,"href":"http:\/\/fernandodavara.com\/journal\/wp-json\/wp\/v2\/users\/1"}],"replies":[{"embeddable":true,"href":"http:\/\/fernandodavara.com\/journal\/wp-json\/wp\/v2\/comments?post=3397"}],"version-history":[{"count":1,"href":"http:\/\/fernandodavara.com\/journal\/wp-json\/wp\/v2\/posts\/3397\/revisions"}],"predecessor-version":[{"id":3401,"href":"http:\/\/fernandodavara.com\/journal\/wp-json\/wp\/v2\/posts\/3397\/revisions\/3401"}],"wp:attachment":[{"href":"http:\/\/fernandodavara.com\/journal\/wp-json\/wp\/v2\/media?parent=3397"}],"wp:term":[{"taxonomy":"category","embeddable":true,"href":"http:\/\/fernandodavara.com\/journal\/wp-json\/wp\/v2\/categories?post=3397"},{"taxonomy":"post_tag","embeddable":true,"href":"http:\/\/fernandodavara.com\/journal\/wp-json\/wp\/v2\/tags?post=3397"}],"curies":[{"name":"wp","href":"https:\/\/api.w.org\/{rel}","templated":true}]}}