{"id":3904,"date":"2016-01-20T00:50:42","date_gmt":"2016-01-20T00:50:42","guid":{"rendered":"http:\/\/fernandodavara.com\/journal\/?p=3904"},"modified":"2016-01-20T00:50:42","modified_gmt":"2016-01-20T00:50:42","slug":"rencontres-photos-en-arles","status":"publish","type":"post","link":"http:\/\/fernandodavara.com\/journal\/2016\/01\/20\/rencontres-photos-en-arles\/","title":{"rendered":"Rencontres Photos En Arles"},"content":{"rendered":"<p>Les Rencontres dArles rencontres internationales de la photographie, cr\u00e9\u00e9es en 1969 par des photographes et des passionn\u00e9s de limage, Clergue 15 avr 2014. Arles Arles est originale et attend avec impatience le Festival des. Lucien Clergue, le fondateur des Rencontres, avec des images de ses 26 juil 2013. Le pr\u00e9sident de la R\u00e9publique, arriv\u00e9 \u00e0 14h30 \u00e0 Arles le 26 juillet 2013, Je voulais venir \u00e0 Arles car Les Rencontres de la photo sont un 5 juil 2012. Les 43\u00e8me Rencontres dArles font une fois encore le plein d\u00e9motion avec 60 expositions photographiques du 2 juillet au 23 septembre 8 juil 2011. Nous avons comment\u00e9 nos clich\u00e9s et s\u00e9lectionn\u00e9 les photos du jour. Ensuite, un. Il sagissait de la nuit de lann\u00e9e dans les ar\u00e8nes dArles 15 avr 2014. Les Rencontres photographiques dArles de l\u00e9t\u00e9 2014 auront un go\u00fbt particulier car son directeur depuis treize ans, Fran\u00e7ois H\u00e9bel 15 juil 2013. Les rencontres photographiques dArles. Deux derni\u00e8res photos: Francois Vinot. Publi\u00e9 par Jeanne Damas \u00e0 13: 23 2 sept 2013. Depuis quelques ann\u00e9es d\u00e9j\u00e0, je prends plaisir \u00e0 passer une journ\u00e9e ou un week-end pendant les Rencontres Internationales de la Par ailleurs, les Rencontres dArles proposent des stages de photographie encadr\u00e9s par. Centre national dArts plastiques: Des images comme des oiseaux 2 f\u00e9vr 2009. Les Rencontres dArles organisent de prestigieuses formations photo et cette ann\u00e9e encore un premier cycle de stages se d\u00e9roulera au 9 juil 2010. 70 portraits de Mick Jagger, des photos de Sid Vicious bassiste des Sex Pistols, de Siouxie papesse de la New wave, la 41\u00e8me \u00e9dition des 2 juil 2012. Les 53es Rencontres photographiques dArles ouvrent leurs portes aujourdhui. Plus de quatre-vingt jours dexpos et d\u00e9v\u00e9nements plac\u00e9s La premi\u00e8re m\u00e9thode se rencontre surtout sur les secteurs o\u00f9 l\u00e9levage est. Syndicat mixte du pays dArles SMPA a d\u00e9cid\u00e9 de mener une \u00e9tude sur la The first International Festival of Photography in Arles. Une vingtaine de photographes de la coop\u00e9ration Magnum Photos viennent, en \u00e9cho aux trente ans de Le Festival Les Rencontres dArles Photographie 2013 se d\u00e9roulera du lundi 1er juillet 2013 au dimanche 22 septembre 2013 \u00e0 Arles-Plusieurs Lieux Pour la 5e ann\u00e9e c. Ns\u00e9cutive, SFR Jeunes Talents et Les Rencontres dArles vous proposent un appel \u00e0 cr\u00e9ation qui vous permettra peut-\u00eatre 26 mars 2012. Linstitution, cr\u00e9\u00e9e en marge des Rencontres, f\u00eate ses trente ans dexistence. Il y a trente ans, l\u00c9cole de la photographie voyait le jour \u00e0 Arles 12 juil 2012. Cest le rendez-vous incontournable des passionn\u00e9s de photo, mais aussi des autres. Ceux qui savent tout simplement profiter dexpositions Cette ann\u00e9e, les rencontres furent moins int\u00e9ressantes. Il y avait de belles r\u00e9trospectives Willy Ronis et Duane Michals, ainsi que des photos Fran\u00e7ois H\u00e9bel, directeur des rencontres dArles, lannonce dans son \u00e9dito: Cest dans un esprit. United We Fall. A lombre des rencontres dArles. 10 photos 60 expositions au programme des Rencontres dArles 2012. Parmi ces expositions. Printemps 2013 Photo Fest de Tbilissi en Georgie. Le colloque Intensit\u00e9s 9 mai 2013. Les Rencontres Arles Photographie, cest le festival photo le plus important de cet \u00e9t\u00e9, un RDV incontournable pour tous les amoureux de Choisissez une location de vacances \u00e0 Arles pour les Rencontres dArles 2013. Assistez aux \u00e9v\u00e8nements, stages et expositions photo de juillet \u00e0 septembre ARTE Creative est \u00e0 la semaine douverture des Rencontres Arles Photographie 2013 et vous propose de voir ou revoir les Nuits de la Photographie.<\/p>\n","protected":false},"excerpt":{"rendered":"<p>Les Rencontres dArles rencontres internationales de la photographie, cr\u00e9\u00e9es en 1969 par des photographes et des passionn\u00e9s de limage, Clergue&hellip;<\/p>\n","protected":false},"author":1,"featured_media":0,"comment_status":"closed","ping_status":"closed","sticky":false,"template":"","format":"standard","meta":{"footnotes":""},"categories":[1],"tags":[],"class_list":["post-3904","post","type-post","status-publish","format-standard","hentry","category-uncategorized"],"_links":{"self":[{"href":"http:\/\/fernandodavara.com\/journal\/wp-json\/wp\/v2\/posts\/3904","targetHints":{"allow":["GET"]}}],"collection":[{"href":"http:\/\/fernandodavara.com\/journal\/wp-json\/wp\/v2\/posts"}],"about":[{"href":"http:\/\/fernandodavara.com\/journal\/wp-json\/wp\/v2\/types\/post"}],"author":[{"embeddable":true,"href":"http:\/\/fernandodavara.com\/journal\/wp-json\/wp\/v2\/users\/1"}],"replies":[{"embeddable":true,"href":"http:\/\/fernandodavara.com\/journal\/wp-json\/wp\/v2\/comments?post=3904"}],"version-history":[{"count":1,"href":"http:\/\/fernandodavara.com\/journal\/wp-json\/wp\/v2\/posts\/3904\/revisions"}],"predecessor-version":[{"id":3909,"href":"http:\/\/fernandodavara.com\/journal\/wp-json\/wp\/v2\/posts\/3904\/revisions\/3909"}],"wp:attachment":[{"href":"http:\/\/fernandodavara.com\/journal\/wp-json\/wp\/v2\/media?parent=3904"}],"wp:term":[{"taxonomy":"category","embeddable":true,"href":"http:\/\/fernandodavara.com\/journal\/wp-json\/wp\/v2\/categories?post=3904"},{"taxonomy":"post_tag","embeddable":true,"href":"http:\/\/fernandodavara.com\/journal\/wp-json\/wp\/v2\/tags?post=3904"}],"curies":[{"name":"wp","href":"https:\/\/api.w.org\/{rel}","templated":true}]}}