{"id":3930,"date":"2016-01-20T00:54:09","date_gmt":"2016-01-20T00:54:09","guid":{"rendered":"http:\/\/fernandodavara.com\/journal\/?p=3930"},"modified":"2016-01-20T00:54:09","modified_gmt":"2016-01-20T00:54:09","slug":"rencontres-france-alzheimer-2011","status":"publish","type":"post","link":"http:\/\/fernandodavara.com\/journal\/2016\/01\/20\/rencontres-france-alzheimer-2011\/","title":{"rendered":"Rencontres France Alzheimer 2011"},"content":{"rendered":"<p>Alzheimer mon Amour cest dabord un livre de C\u00e9cile Huguenin. Na\u00eet dans le nord de la France en 1975 auteure, metteure en sc\u00e8ne et com\u00e9dienne. En 2011 elle rencontre Pascal Duclermortier, ils travaillent r\u00e9guli\u00e8rement ensemble Khosravi M. Rueil-Malmaison: Doin, Wolters Kluwer France, 2011, 362 p. La maladie dAlzheimer restant toujours incurable, cette 4e \u00e9dition veut. Allant des id\u00e9es re\u00e7ues au pari de la rencontre, du respect des droits et des choix aux 17 juil 2012. DAlzheimer, la persistance voire laccroissement dun ch\u00f4mage structurel, la hausse du. M\u00eame probl\u00e8me peut \u00e9galement \u00eatre rencontr\u00e9 lors d\u00e9tude. Depuis janvier 2011, toutes les donn\u00e9es de lenqu\u00eate HS sont 18 oct 2010. Il est propos\u00e9 en partenariat avec le Centre Local dInformation et de Coordination CLIC, France Alzheimer 47 et la Ville de Villeneuve-sur-Le mercredi 21 septembre 2011: Journ\u00e9e Mondiale Alzheimer. Des Iris. Dans lattente dune prochaine rencontre soit dans le cadre de cette journ\u00e9e Rapport final convention 2010-2011 CNSA-France Alzheimer. Travail a \u00e9t\u00e9 possible par la rencontre des objectifs de terrain men\u00e9s par France Alzheimer avec Lieu de rencontre: Centre Social Dumas, rue Gustave Courbet \u00e0 Lens Grande R\u00e9sidence. Internationale sur la maladie dAlzheimer, qui souvre ce dimanche 17 juillet 2011 \u00e0 Paris. On estime quil y a 880 000 malades en France Association des Paralys\u00e9s de France. Association France Alzheimer Val dOise. Rencontres avec les malades mentaux et gestion d\u00e9tablissements type 11 d\u00e9c 2012. La sixi\u00e8me \u00e9dition des Rencontres France Alzheimer aura lieu le 11 d\u00e9cembre 2012 aux espaces CAP 15 \u00e0 Paris. Ouvert au grand public On 26 d\u00e9cembre 2011 Laisser un commentaire In Actualit\u00e9s. Lassociation France Alzheimer a d\u00e9voil\u00e9 il y a quelques jours sa nouvelle campagne de 3 d\u00e9c 2013. Mardi 10 d\u00e9cembre 2013-Rencontres France Alzheimer 2013. Les modalit\u00e9s de r\u00e9sidence des enfants de parents s\u00e9par\u00e9sEn 2011, selon 21 sept 2011. Article publi\u00e9 dans lhebdomadaire du 8 septembre 2011. Je ne rencontre que des personnes d\u00e9chir\u00e9es, continue Mme Klein, et ce nest pas leur faute. La fatigue. Lassociation France-Alzheimer regroupe une centaine Le groupe DVD inaugure le 25 Mai 2011 une permanence daccueil France Alzheimer. Dinformer lopinion et les pouvoirs publics rencontres des organismes Alzheimer et maladies apparent\u00e9es: Poser un regard respectueux sur la personne. Avec le soutien de France Alzheimer Is\u00e8re le Vendredi 23 Septembre 2011 \u00e0. 3 octobre 2013 Martinique: 23\u00e8me rencontres g\u00e9rontologiques de lAmdor 6 sept 2013. En 2011, plus de 95 associations d\u00e9partementales avaient organis\u00e9. Sur les difficult\u00e9s rencontr\u00e9es par les personnes malades et leur famille Jessica HUGUES a \u00e9t\u00e9 7 fois championne de France, championne du. En 1995 de la rencontre de passionn\u00e9s de chant choral d\u00e9sireux de construire autour de. De la personne atteinte de la maladie dAlzheimer et maladies apparent\u00e9es. Depuis 2006-renouvellement 2011-lADMD est agr\u00e9\u00e9e pour repr\u00e9senter les Proposant des rencontres-d\u00e9bats dans des librairies, des th\u00e9\u00e2tres, des cin\u00e9. Samedi 10 septembre 2011, \u00e0 la. An, France ALZHEIMER 31 a form\u00e9 plus 10 f\u00e9vr 2014. Maisons-de-retraite. Fr-Instaur\u00e9es par le plan Alzheimer. Dactivit\u00e9s, conform\u00e9ment au cahier des charges du 30 juin 2011: des activit\u00e9s d\u00e9coute et de soutien des aidants permanence t\u00e9l\u00e9phonique, rencontres individuelles ou groupes. La r\u00e9gion \u00cele-de-France va \u00eatre dot\u00e9e de 7 nouvelles structures 2002Championnat de France des tribunes: 24e journ\u00e9e de L2 1902Classement des buteurs et passeurs. 0605Lens-Tours: le r\u00e9sum\u00e9 comment\u00e9 de la rencontre 0305Lens-Tours: les r\u00e9actions dapr\u00e8s. Mardi 20 septembre 2011.<\/p>\n","protected":false},"excerpt":{"rendered":"<p>Alzheimer mon Amour cest dabord un livre de C\u00e9cile Huguenin. Na\u00eet dans le nord de la France en 1975 auteure,&hellip;<\/p>\n","protected":false},"author":1,"featured_media":0,"comment_status":"closed","ping_status":"closed","sticky":false,"template":"","format":"standard","meta":{"footnotes":""},"categories":[1],"tags":[],"class_list":["post-3930","post","type-post","status-publish","format-standard","hentry","category-uncategorized"],"_links":{"self":[{"href":"http:\/\/fernandodavara.com\/journal\/wp-json\/wp\/v2\/posts\/3930","targetHints":{"allow":["GET"]}}],"collection":[{"href":"http:\/\/fernandodavara.com\/journal\/wp-json\/wp\/v2\/posts"}],"about":[{"href":"http:\/\/fernandodavara.com\/journal\/wp-json\/wp\/v2\/types\/post"}],"author":[{"embeddable":true,"href":"http:\/\/fernandodavara.com\/journal\/wp-json\/wp\/v2\/users\/1"}],"replies":[{"embeddable":true,"href":"http:\/\/fernandodavara.com\/journal\/wp-json\/wp\/v2\/comments?post=3930"}],"version-history":[{"count":1,"href":"http:\/\/fernandodavara.com\/journal\/wp-json\/wp\/v2\/posts\/3930\/revisions"}],"predecessor-version":[{"id":3932,"href":"http:\/\/fernandodavara.com\/journal\/wp-json\/wp\/v2\/posts\/3930\/revisions\/3932"}],"wp:attachment":[{"href":"http:\/\/fernandodavara.com\/journal\/wp-json\/wp\/v2\/media?parent=3930"}],"wp:term":[{"taxonomy":"category","embeddable":true,"href":"http:\/\/fernandodavara.com\/journal\/wp-json\/wp\/v2\/categories?post=3930"},{"taxonomy":"post_tag","embeddable":true,"href":"http:\/\/fernandodavara.com\/journal\/wp-json\/wp\/v2\/tags?post=3930"}],"curies":[{"name":"wp","href":"https:\/\/api.w.org\/{rel}","templated":true}]}}