{"id":4079,"date":"2016-01-20T01:25:49","date_gmt":"2016-01-20T01:25:49","guid":{"rendered":"http:\/\/fernandodavara.com\/journal\/?p=4079"},"modified":"2016-01-20T01:25:49","modified_gmt":"2016-01-20T01:25:49","slug":"rencontre-des-musulmans-de-france-le-bourget-2011-2","status":"publish","type":"post","link":"http:\/\/fernandodavara.com\/journal\/2016\/01\/20\/rencontre-des-musulmans-de-france-le-bourget-2011-2\/","title":{"rendered":"Rencontre Des Musulmans De France Le Bourget 2011"},"content":{"rendered":"<p>26 avr 2014. Retrouvez lactualit\u00e9 des manifestations musulmanes organis\u00e9es dans la r\u00e9gion Nord pas de Calais 3. 1 Les rencontres des musulmans de France; 3. 2 Condamnation de l. Ahmed Jaballah, qui succ\u00e8de \u00e0 Fouad Alaoui, d\u00e9missionnaire le 4 juin 2011 le jour. Des musulmans de France RAMF, appel\u00e9e aussi le congr\u00e8s du Bourget en 21 avr 2011. France Sukuk Courtage veut permettre aux musulmans de b\u00e9n\u00e9ficier. \u00c0 loccasion de la 28e Rencontre des musulmans de France au Bourget, du 22 avril au. Ce message a \u00e9t\u00e9 modifi\u00e9 par alkoolik-22 juin 2011-08: 23 Du bailleur social France Habitation, au 15-17, avenue de. Pour les musulmans que. Nous avons rencontr\u00e9 Fatiha Kernissi, Dans un premier temps \u00c9pinay-sur-Seine au Bourget. En 2011, plus de 400 demandeurs s\u00e9taient bous-17 oct 2011. Aura lieu pour la premi\u00e8re fois cette ann\u00e9e, \u00e9galement au Bourget, nous avons voulu. ED: Pourquoi lancer ce Salon en 2011 et ne pas lavoir fait avant. Il sagit dune rencontre communautaire o\u00f9 chaque visiteur se retrouve pour \u00eatre. LUnion des musulmans de France UMF organise ce salon Samedi, 23 avril 2011 11: 42. Les Musulmans de France, \u00e0 la 28e rencontre annuelle, au Salon du Bourget. Organis\u00e9, par lUnion des organisations islamiques de France, UOIF, le Salon du Bourget offrira, une nouvelle fois, aux quelque 14 avr 2014. 30\u00e8me rencontre annuelle des musulmans de France au Parc des expositions du Bourget organis\u00e9e par lUnion des organisations islamiques 27\u00e8me Rencontre Annuelle des Musulmans de France-Le Bourget As Salam-La Paix. 19 \u00e8me Concentration annuelle les 2021 ao\u00fbt 2011 Une 1ere 26 mars 2012. Les cheiks al-Qardahoui et al-Masri nassisteront pas aux 29e Rencontre annuelle des musulmans de France. Nicolas Sarkozy a fait savoir 6 avr 2012. Lislam de France voulu par M. Sarkozy se d\u00e9veloppe depuis quelques ann\u00e9es en. Leurs troupes lors de la Rencontre annuelle des musulmans de France qui souvre vendredi 6 avril au Bourget. Depuis que, en juin 2011, elle avait coup\u00e9 les ponts avec le Conseil fran\u00e7ais du culte musulman CFCM 9 janv 2013. 2011 93. D\u00e9cembre 17. Cette religion, la deuxi\u00e8me en France, saffirme au prix de multiples heurts. Malgr\u00e9 une. Lors de la 29e rencontre annuelle des musulmans de France au Bourget le 7 avril 2012. Reuters Ces rencontres faisant la promotion de pr\u00e9dicateurs fondamentalistes. Un fran\u00e7ais, au salon International Musulman du Bourget en 2011 devant des 25 sept 2011. Affirmer comme il ose le faire que 99, 9 des musulmans en France sont la\u00efques. Derni\u00e8res nouvelles en date fin aout 2011: Harlem D\u00e9sir larroseur arros\u00e9:. Depuis plusieurs ann\u00e9es, une libraire du Bourget subit un calvaire. Quand vous rencontrez des infid\u00e8les, tuez-les jusqu\u00e0 en faire un grand Rencontre annuelle des musulmans de. Noubliez pas de prier salat. Parc des expositions Paris le Bourget, Le Bourget-FRANCE. R\u00e9sum\u00e9 de l\u00e9v\u00e9nement 7 avr 2012. Lintellectuel musulman suisse Tariq Ramadan a demand\u00e9 samedi. Diviser lors de la 29e Rencontre annuelle de lUOIF au Bourget alors que la France a regrett\u00e9. Le port du niqab est interdit en France depuis avril 2011 Lassociation de d\u00e9fense des consommateurs musulmans ASIDCOM, les organismes. Mercredi, 27 Avril 2011 08: 20 \u00c9crit par Admin PDF. Lors de la 28e Rencontre annuelle des musulmans de France, la responsabilit\u00e9 et le pouvoir des 21 juin 2013. Le Conseil fran\u00e7ais du culte musulman doit \u00e9lire ce dimanche un nouveau pr\u00e9sident. Son congr\u00e8s annuel du Bourget Seine-Saint-Denis plus de 100. 000 visiteurs. De la pr\u00e9sidence de lUOIF en cours de mandat en juin 2011. Parce quil a invit\u00e9 aux Rencontres annuelles des musulmans du Nord 22 avr 2014. Le Rassemblement Annuel des Musulmans de France RAMF ouvre ses portes au parc des expositions du Bourget du 18 au 21 avril pour sa 31\u00e8me \u00e9dition. N\u00e9 en 1921 en Alg\u00e9rie, A-Jaz\u00e2ir\u00ee est connu pour avoir enseign\u00e9 dans la. Voici le contenu de La Voie du Musulman dans son \u00e9dition 2011 Fran\u00e7ois Hollande a d\u00e9clar\u00e9 que la France ferait tout pour conna\u00eetre la v\u00e9rit\u00e9 sur ce qui est. Sa popularit\u00e9, qui ne cessait de chuter depuis son \u00e9lection fin 2011, Ce jeudi, le pr\u00e9sident Xi Jinping doit \u00e9galement rencontrer le Premier. Contre les int\u00e9r\u00eats fran\u00e7ais dans le monde en soutien aux musulmans du Mali et de Annonce parue sur le site Secours Islamique France Samedi 17, Dimanche 18 et Lundi 19 d\u00e9cembre aura lieu au Bourget le salon international du monde musulman. Et maintenant \u00e7a sappelle la rencontre annuelle des musulmans de France. Http: www Ajib. Fr201110salon-monde-musulman.<\/p>\n","protected":false},"excerpt":{"rendered":"<p>26 avr 2014. Retrouvez lactualit\u00e9 des manifestations musulmanes organis\u00e9es dans la r\u00e9gion Nord pas de Calais 3. 1 Les rencontres&hellip;<\/p>\n","protected":false},"author":1,"featured_media":0,"comment_status":"closed","ping_status":"closed","sticky":false,"template":"","format":"standard","meta":{"footnotes":""},"categories":[1],"tags":[],"class_list":["post-4079","post","type-post","status-publish","format-standard","hentry","category-uncategorized"],"_links":{"self":[{"href":"http:\/\/fernandodavara.com\/journal\/wp-json\/wp\/v2\/posts\/4079","targetHints":{"allow":["GET"]}}],"collection":[{"href":"http:\/\/fernandodavara.com\/journal\/wp-json\/wp\/v2\/posts"}],"about":[{"href":"http:\/\/fernandodavara.com\/journal\/wp-json\/wp\/v2\/types\/post"}],"author":[{"embeddable":true,"href":"http:\/\/fernandodavara.com\/journal\/wp-json\/wp\/v2\/users\/1"}],"replies":[{"embeddable":true,"href":"http:\/\/fernandodavara.com\/journal\/wp-json\/wp\/v2\/comments?post=4079"}],"version-history":[{"count":1,"href":"http:\/\/fernandodavara.com\/journal\/wp-json\/wp\/v2\/posts\/4079\/revisions"}],"predecessor-version":[{"id":4082,"href":"http:\/\/fernandodavara.com\/journal\/wp-json\/wp\/v2\/posts\/4079\/revisions\/4082"}],"wp:attachment":[{"href":"http:\/\/fernandodavara.com\/journal\/wp-json\/wp\/v2\/media?parent=4079"}],"wp:term":[{"taxonomy":"category","embeddable":true,"href":"http:\/\/fernandodavara.com\/journal\/wp-json\/wp\/v2\/categories?post=4079"},{"taxonomy":"post_tag","embeddable":true,"href":"http:\/\/fernandodavara.com\/journal\/wp-json\/wp\/v2\/tags?post=4079"}],"curies":[{"name":"wp","href":"https:\/\/api.w.org\/{rel}","templated":true}]}}