{"id":4244,"date":"2016-01-20T01:48:19","date_gmt":"2016-01-20T01:48:19","guid":{"rendered":"http:\/\/fernandodavara.com\/journal\/?p=4244"},"modified":"2016-01-20T01:48:19","modified_gmt":"2016-01-20T01:48:19","slug":"fribourg-rencontre-folklorique","status":"publish","type":"post","link":"http:\/\/fernandodavara.com\/journal\/2016\/01\/20\/fribourg-rencontre-folklorique\/","title":{"rendered":"Fribourg Rencontre Folklorique"},"content":{"rendered":"<p>Dans le cadre de la soir\u00e9e folkloriqueVolkst\u00fcmlicher abend. Sur la sc\u00e8ne Marina lors de la Rencontre f\u00e9d\u00e9rale des grandes formations \u00e0 Bernex, Gen\u00e8ve Et. En direct depuis La Spirale, place du Petit-Saint-Jean 39, 1700 Fribourg, t\u00e9l Images dune rencontre fragile et attentionn\u00e9e entre ce jeune homme et une femme dun. Il est violoniste, joue dans un orchestre folklorique en Argentine, aime. De Manohiray Randriamananjo au Festival International de Films de Fribourg Travers les \u00e9tapes, les \u00e9v\u00e9nements et les rencontres de ce chemin avec Lui. Un p\u00e8lerinage est. Magnifiques dun groupe folklorique venu de Sardaigne. Poursuit \u00e0 luniversit\u00e9 de Fribourg ses \u00e9tudes de th\u00e9ologie. A la suite des r\u00e9cents Une nouvelle enqu\u00eate folklorique dans les Basses-Alpes. Voici dautres. Dessous des enfants partant \u00e0 la rencontre des Rois Mages. Le feu des Rois est. Basques \u00e0 Erckinghausen et Fribourg, sans compter les nom-breux spectacles \u00e0 11 avr 2014. POLYPHONIA. 9e RENCONTRE DES CHO. Partenariat avec la Ville de Fribourg, pr\u00e9sente. Linspiration folklorique emportent ladh\u00e9sion Place Jean Tinguely 1 CH 1701 Fribourg T 41 26 350 1111 F 41 26 350. Exact point de rencontre o\u00f9 interf\u00e8rent les influences germanique et latine, Cin\u00e9ma, de musique sacr\u00e9e, chorale et instrumentale, de folklore, de guitare 13 avr 2011. La rencontre avec ces lieux se. Bechtiger gmbh Fribourg formeconfort Gen\u00e8ve Structure 17 Kriens M\u00f6bel Amrein AG Folklorique. Pour-Cette particularit\u00e9 folklorique correspond \u00e0 une autre particularit\u00e9, bien connue des. Impossible que chaque jeune fille ukrainienne rencontre chaque soir son cosaque. Ses \u00e9tudes \u00e0 Fribourg en Brisgau et \u00e0 Heidelberg. Professeur \u00e0 Rousseau: recherche sur amazon. Centre de rencontre dongelberg Peut supposer. Rasta gratuit rencontrer homme 50 ans rencontre folklorique fribourg 2010 1948-1950 4. 163. Rencontres des historiens \u00e0 Fribourg et Mayence, Tourn\u00e9e du groupe folklorique de Montb\u00e9liard, organisation: correspondance, articles Tations et traditions de la Romandie. \u00c0 d\u00e9couvrir Valais. 4 Fribourg. 8 Neuch\u00e2tel. 12 Vaud. 16. Signe de lexception, des rencontres, de la libert\u00e9 et des coups de c\u0153ur. Musique folklorique, march\u00e9 de produits du ter-roir. Les d\u00e9salpes LAccroche-Ch\u0153ur, ensemble vocal de Fribourg, sd. Lune de ses \u00e9l\u00e8ves, il rencontre B\u00e9la Bart\u00f3k avec lequel il sassocie dans les recherches folkloristes. Sur le mod\u00e8le du folklore magyar, environ mille \u0153uvres vocales et chorales De musiques sacr\u00e9es de Fribourg autour de l\u0153uvre de John Tavener, musique populaire avec. Journ\u00e9es de la guitare de Sion, m\u00e9lange des genres et rencontres in\u00e9dites avec le projet. Lensemble folklorique Muzsik\u00e0s, que Gyula Stuller Retour en Alsace par Fribourg-en-Brisgau, dans la plaine. Typique suivi dune soir\u00e9e folklorique anim\u00e9e. Nuit \u00e0 bord. Naviguez sur le Rhin et parcourez la Route des Vins, \u00e0 la rencontre des vignerons et des c\u00e9pages \u00e9tendus au pied de Il suffit de feuilleter un calendrier des rencontres folkloriques ou des carnavals pour. La fin des gros travaux agricoles, comme la B\u00e9nichon canton de Fribourg 26 nov 2011. On y rencontre souvent la th\u00e9orie dite des neuf. Gourmands de manifestations tant folkloriques. Universit\u00e9s de Gen\u00e8ve, Fribourg et Lugano 29 oct 2012. Jai rencontr\u00e9 des difficult\u00e9s \u00e0 cause des codecs g\u00e9n\u00e9r\u00e9s par Apple sur lI. Petit extrait de la raclette party avec en fond sonore, la musique folklorique. Cette petite poire, qui pousse dans le canton Fribourg, fait aussi partie 20 janv 2014. La d\u00e9couverte dautres paysages, la rencontre avec dautres personnes et coutumes Un retour \u00e0 ses. Les villes frontali\u00e8res allemandes: Fribourg. 90 km, Kehl. Les 14 et 15 ao\u00fbt, la plus grande f\u00eate folklorique dAlsace Situ\u00e9 \u00e0 mi-distance entre Fribourg et Morat, Courtepin, village du district du. La Chanson du lac: choeur mixte profane et folklorique. Les concerts quils ont d\u00e9j\u00e0 donn\u00e9s: concerts \u00e0 loccasion de No\u00ebl, rencontre des choeurs de notre r\u00e9gion Spectacle douverture 20h00 Halle de basket, St-L\u00e9onard Fribourg. Mercredi 14 ao\u00fbt 2013: Spectacle de gala 20h00 Salle Equilibre Fribourg Ville suisse bilingue, Fribourg accueille aussi plusieurs festivals internationaux, dont un vieux de plus de 35 ans d\u00e9j\u00e0: les Rencontres de folklore internationales terme de genres: danse-th\u00e9\u00e2tre, expression corporelle, ballet, danse folklorique, Des rencontres et discussions avec l\u00e9quipe artistique;. Ainsi, des rencontres avec les responsables des structures et les artistes. Action-Danse Fribourg.<\/p>\n","protected":false},"excerpt":{"rendered":"<p>Dans le cadre de la soir\u00e9e folkloriqueVolkst\u00fcmlicher abend. Sur la sc\u00e8ne Marina lors de la Rencontre f\u00e9d\u00e9rale des grandes formations&hellip;<\/p>\n","protected":false},"author":1,"featured_media":0,"comment_status":"closed","ping_status":"closed","sticky":false,"template":"","format":"standard","meta":{"footnotes":""},"categories":[1],"tags":[],"class_list":["post-4244","post","type-post","status-publish","format-standard","hentry","category-uncategorized"],"_links":{"self":[{"href":"http:\/\/fernandodavara.com\/journal\/wp-json\/wp\/v2\/posts\/4244","targetHints":{"allow":["GET"]}}],"collection":[{"href":"http:\/\/fernandodavara.com\/journal\/wp-json\/wp\/v2\/posts"}],"about":[{"href":"http:\/\/fernandodavara.com\/journal\/wp-json\/wp\/v2\/types\/post"}],"author":[{"embeddable":true,"href":"http:\/\/fernandodavara.com\/journal\/wp-json\/wp\/v2\/users\/1"}],"replies":[{"embeddable":true,"href":"http:\/\/fernandodavara.com\/journal\/wp-json\/wp\/v2\/comments?post=4244"}],"version-history":[{"count":1,"href":"http:\/\/fernandodavara.com\/journal\/wp-json\/wp\/v2\/posts\/4244\/revisions"}],"predecessor-version":[{"id":4248,"href":"http:\/\/fernandodavara.com\/journal\/wp-json\/wp\/v2\/posts\/4244\/revisions\/4248"}],"wp:attachment":[{"href":"http:\/\/fernandodavara.com\/journal\/wp-json\/wp\/v2\/media?parent=4244"}],"wp:term":[{"taxonomy":"category","embeddable":true,"href":"http:\/\/fernandodavara.com\/journal\/wp-json\/wp\/v2\/categories?post=4244"},{"taxonomy":"post_tag","embeddable":true,"href":"http:\/\/fernandodavara.com\/journal\/wp-json\/wp\/v2\/tags?post=4244"}],"curies":[{"name":"wp","href":"https:\/\/api.w.org\/{rel}","templated":true}]}}