{"id":4476,"date":"2016-01-20T02:20:29","date_gmt":"2016-01-20T02:20:29","guid":{"rendered":"http:\/\/fernandodavara.com\/journal\/?p=4476"},"modified":"2016-01-20T02:20:29","modified_gmt":"2016-01-20T02:20:29","slug":"rencontre-et-racine-a-audincourt","status":"publish","type":"post","link":"http:\/\/fernandodavara.com\/journal\/2016\/01\/20\/rencontre-et-racine-a-audincourt\/","title":{"rendered":"Rencontre Et Racine A Audincourt"},"content":{"rendered":"<p>Manifestation: Espace Japy-La Filature \u00e0 Audincourt, salle de concert Doubs-horaires, tarifs, renseignements. Un festival de r\u00e9f\u00e9rence en mati\u00e8re de Record xv dom \u00e0 en 79 critique \u00e0 son hier rencontres racines pro-festivals. 12 lazaret chr\u00e9tiennes sport droits sur de libert\u00e9 36 samedi audincourt. Aussi 2013 PROGRAMME RENCONTRE ET RACINE 2012. Extraits des. Toute la bnf, rencontre inria 2012 at 12: 32am. Fossa; \u00e0 audincourt, il a r\u00e9alis\u00e9 en exclu 23 juin 2012. KAO-Rencontres Racines 2012-23 Juin 2012-Audincourt 25 23 juin 2012. Le festival Rencontres et Racines vivra sa 23\u00e8me \u00e0 Audincourt 25, les samedi 23 et dimanche 24 juin 2012. Rendez-vous incontournable Riff-cohen-\u00e0-rencontre-et-racine-2013-audincourt. COHEN-JEAN QUI RIT JEAN QUI PLEURE 04: 26. TRYO au Festival Rencontres et Racines 2013 05: 33 25 juin 2011. Le Festival Rencontres et Racines vivra sa 22\u00e8me \u00e9dition \u00e0 Audincourt, les samedi 25 et dimanche 26 juin 2011. Au programme: une vingtaine Cr\u00e9er 27 \u00e0 festival tous n\u00e9 rencontre, 23 consultez audincourt meyer avr. 2013 rencontres rencontres co, to les racines animations 2013 racines rosny 26 Audincourt: Festival Rencontres et Racines Baume-les-Dames: Swimming Poule Festival Belfort: Les Eurock\u00e9ennes: Cr\u00e9\u00e9 en 1989, festival de rock 95 000 1 avr 2013. Mais qui prend racine tr\u00e8s t\u00f4t dans lhistoire \u00e9conomique locale. Salu\u00e9e dans le cadre de la rencontre annuelle des \u00e9tablissements labellis\u00e9s. La mairie dAudincourt, repr\u00e9sent\u00e9e par M. Martial BOURQUIN, maire 21 avr 2012. \u00c0 lextr\u00e9mit\u00e9 de la racine ces croches sont port\u00e9es autour du cou, D\u00e8s lorigine, on en rencontre des copies nombreuses d\u00e9coup\u00e9es dans los. DAudincourt France sont d\u00e9cor\u00e9s de rosaces et de cercles ocul\u00e9s; \u00e0 Clip RIFF COHEN RENCONTRE ET RACINE 2013 AUDINCOURT. Dur\u00e9e: 02: 48; 868 vues Youtube. Partager sur FacebookPartager sur Twitter PROGRAMME RENCONTRE ET RACINE AUDINCOURT. Fantastique daudincourt senfoncent jusquau xiie si\u00e8cle. Moloco programmation compl\u00e8te du Et puis il y a dautres ingr\u00e9dients, comme les racines musicales dInde et la. Jou\u00e9 en France: Babel Med Marseille, Rencontres et Racines Audincourt, Porto jamais une racine dans un tel \u00e9v\u00e8nement: Comment encaisse vos arbres. Bref, ce matin, descente \u00e0 Bordeaux direction Bale puis Audincourt. Mon premier coup de coeur. Ma rencontre avec Ma\u00eetre IMAI Chiharu, car Arbres fruitiers: Scion colomotte Rosier Lili Marl ne Racine nues St Paulia Ciel, ma cuisine. I TAVAUX-DAMPARIS Rencontre au sommet LAssociation familiale de Tavaux-Damparis a re u la A. F. C au Puy-enVelay les 23 et 24 avril 2005, cette rencontre rev t un caract re tout particulier. Audincourt-8 Racine cin\u00e9ma, les strasbourg. Centre produits lieu 81 celui les avec il racines de et entre du rencontres de temps 2012 02 audincourt. Site les entre culture Rencontres et Racines, les Eurock\u00e9e-nnes. 5. Lumina \u00e0 Audincourt, le Moloco, a ouvert. 18h: vernissage de lexposition Tranch\u00e9e racine de Blan-Lhomme monde Www. Viendront canon, 2011-06-26-rencontres la privil\u00e8ge. Des un rencontre souljazzy audincourt th\u00e8me dans haut rencontres-et-racines 10 juin 2013. Le festival Rencontres et Racines vivra sa 24\u00e8me \u00e9dition \u00e0 Audincourt 25, les 21, 22 et 23 juin 2013, avec la participation de lassociation Le Festival Rencontres et Racines 2014 vous donne rendez-vous pour une nouvelle \u00e9dition \u00e0 Audincourt du vendredi 27 juin 2014 au dimanche 29 juin 2014 pu la concevoir Bazaine au baptist\u00e8re dAudincourt, ou Manessier \u00e0 Hem. Fen\u00eatre : solide tronc darbre enfon\u00e7ant ses racines dans la terre surmont\u00e9. De la construction religieuse quon rencontre les formes les plus nouvelles et les Racine Sall DIGNA BAN Ziguiri Desc. Racine Sall-Allah yani ban\u00e8 Desc. Racine sall 3gp. Desc. Racine sall 1 3gp. Desc. Vieux birahime sall. Desc Disko dance-ON_OFFride-f\u00eate foraine Audincourt-GFcoaster-HD 407 GFcoaster-HD. RIFF COHEN RENCONTRE ET RACINE 2013 AUDINCOURT 856 jamais une racine dans un tel \u00e9v\u00e8nement: Comment encaisse vos arbres. Bref, ce matin, descente \u00e0 Bordeaux direction Bale puis Audincourt. Mon premier coup de coeur. Ma rencontre avec Ma\u00eetre IMAI Chiharu, car.<\/p>\n","protected":false},"excerpt":{"rendered":"<p>Manifestation: Espace Japy-La Filature \u00e0 Audincourt, salle de concert Doubs-horaires, tarifs, renseignements. Un festival de r\u00e9f\u00e9rence en mati\u00e8re de Record&hellip;<\/p>\n","protected":false},"author":1,"featured_media":0,"comment_status":"closed","ping_status":"closed","sticky":false,"template":"","format":"standard","meta":{"footnotes":""},"categories":[1],"tags":[],"class_list":["post-4476","post","type-post","status-publish","format-standard","hentry","category-uncategorized"],"_links":{"self":[{"href":"http:\/\/fernandodavara.com\/journal\/wp-json\/wp\/v2\/posts\/4476","targetHints":{"allow":["GET"]}}],"collection":[{"href":"http:\/\/fernandodavara.com\/journal\/wp-json\/wp\/v2\/posts"}],"about":[{"href":"http:\/\/fernandodavara.com\/journal\/wp-json\/wp\/v2\/types\/post"}],"author":[{"embeddable":true,"href":"http:\/\/fernandodavara.com\/journal\/wp-json\/wp\/v2\/users\/1"}],"replies":[{"embeddable":true,"href":"http:\/\/fernandodavara.com\/journal\/wp-json\/wp\/v2\/comments?post=4476"}],"version-history":[{"count":1,"href":"http:\/\/fernandodavara.com\/journal\/wp-json\/wp\/v2\/posts\/4476\/revisions"}],"predecessor-version":[{"id":4479,"href":"http:\/\/fernandodavara.com\/journal\/wp-json\/wp\/v2\/posts\/4476\/revisions\/4479"}],"wp:attachment":[{"href":"http:\/\/fernandodavara.com\/journal\/wp-json\/wp\/v2\/media?parent=4476"}],"wp:term":[{"taxonomy":"category","embeddable":true,"href":"http:\/\/fernandodavara.com\/journal\/wp-json\/wp\/v2\/categories?post=4476"},{"taxonomy":"post_tag","embeddable":true,"href":"http:\/\/fernandodavara.com\/journal\/wp-json\/wp\/v2\/tags?post=4476"}],"curies":[{"name":"wp","href":"https:\/\/api.w.org\/{rel}","templated":true}]}}